{"id":140,"date":"2024-08-28T16:10:26","date_gmt":"2024-08-28T16:10:26","guid":{"rendered":"http:\/\/practicas.fi.ubiobio.cl\/?p=140"},"modified":"2024-08-28T16:11:01","modified_gmt":"2024-08-28T16:11:01","slug":"en-un-significativo-encuentro-titulados-y-alumnos-de-ingenieria-civil-electrica-ubb-se-reunen-para-fortalecer-lazos-de-colaboracion","status":"publish","type":"post","link":"http:\/\/practicas.fi.ubiobio.cl\/index.php\/en-un-significativo-encuentro-titulados-y-alumnos-de-ingenieria-civil-electrica-ubb-se-reunen-para-fortalecer-lazos-de-colaboracion\/","title":{"rendered":"En un significativo encuentro, titulados y alumnos de Ingenier\u00eda Civil El\u00e9ctrica UBB se re\u00fanen para fortalecer lazos de colaboraci\u00f3n"},"content":{"rendered":"\n<p><em><strong>Esta actividad organizada por la Escuela de Ingenier\u00eda Civil El\u00e9ctrica cont\u00f3 con la participaci\u00f3n de autoridades, acad\u00e9micos, egresados y actuales estudiantes de la casa de estudios.<\/strong><\/em><\/p>\n\n\n\n<figure class=\"wp-block-image\"><img decoding=\"async\" src=\"https:\/\/fi.ubiobio.cl\/wp-content\/uploads\/2024\/07\/whatsapp-image-2024-07-12-at-11-43-09-1024x682.jpeg\" alt=\"\" class=\"wp-image-9818\"\/><\/figure>\n\n\n\n<p>A fines de junio, en dependencias de la Facultad de Ingenier\u00eda de la Universidad del B\u00edo-B\u00edo, profesionales del Centros de Titulados y del Centro de Alumnos de la Escuela de Ingenier\u00eda Civil El\u00e9ctrica, se reunieron con el prop\u00f3sito de reforzar lazos de colaboraci\u00f3n y vinculaci\u00f3n, a trav\u00e9s de la generaci\u00f3n de redes de contacto que permitan expandir conocimientos, adem\u00e1s de compartir experiencias laborales bajo la mentor\u00eda de acad\u00e9micos del Departamento de Ingenier\u00eda El\u00e9ctrica y Electr\u00f3nica.<\/p>\n\n\n\n<p>La actividad cont\u00f3 tambi\u00e9n con la presencia de Ximena Elgorriaga, Coordinadora de la Oficina de Vinculaci\u00f3n con El Medio UBB, ya que estas actividades de vinculaci\u00f3n bidireccional con titulados, resultan clave para conocer las necesidades del mercado laboral.<\/p>\n\n\n\n<figure class=\"wp-block-image size-full\"><img loading=\"lazy\" decoding=\"async\" width=\"1024\" height=\"682\" src=\"http:\/\/practicas.fi.ubiobio.cl\/wp-content\/uploads\/2024\/08\/image-2.png\" alt=\"\" class=\"wp-image-141\" srcset=\"http:\/\/practicas.fi.ubiobio.cl\/wp-content\/uploads\/2024\/08\/image-2.png 1024w, http:\/\/practicas.fi.ubiobio.cl\/wp-content\/uploads\/2024\/08\/image-2-450x300.png 450w, http:\/\/practicas.fi.ubiobio.cl\/wp-content\/uploads\/2024\/08\/image-2-768x512.png 768w\" sizes=\"auto, (max-width: 1024px) 100vw, 1024px\" \/><\/figure>\n\n\n\n<p>Al respecto, el Director de Escuela, Fabricio Salgado, se\u00f1al\u00f3 que, si bien estas iniciativas surgen de la Escuela, se espera que el estudiantado pueda liderar en estas importantes decisiones que contribuyen a la formaci\u00f3n acad\u00e9mica de las futuras generaciones. \u201cEl objetivo de hoy es la uni\u00f3n, comunicarse, conocer de qu\u00e9 trata la vida profesional, sus felicidades, penurias, el c\u00f3mo se vive la b\u00fasqueda laboral, para as\u00ed transmit\u00edrselo a nuestros estudiantes\u201d.<\/p>\n\n\n\n<figure class=\"wp-block-image size-full\"><img loading=\"lazy\" decoding=\"async\" width=\"1024\" height=\"768\" src=\"http:\/\/practicas.fi.ubiobio.cl\/wp-content\/uploads\/2024\/08\/image-3.png\" alt=\"\" class=\"wp-image-142\" srcset=\"http:\/\/practicas.fi.ubiobio.cl\/wp-content\/uploads\/2024\/08\/image-3.png 1024w, http:\/\/practicas.fi.ubiobio.cl\/wp-content\/uploads\/2024\/08\/image-3-400x300.png 400w, http:\/\/practicas.fi.ubiobio.cl\/wp-content\/uploads\/2024\/08\/image-3-768x576.png 768w\" sizes=\"auto, (max-width: 1024px) 100vw, 1024px\" \/><\/figure>\n\n\n\n<p>Por otra parte, agreg\u00f3 que este tipo de instancias otorgan mayores facilidades en cuanto a opciones laborales, de pr\u00e1ctica profesional y trabajos de t\u00edtulo para los alumnos en empresas donde ya est\u00e9n posicionados como carrera. \u201cEsto potencia el desarrollo profesional de los mismos y al mismo tiempo crea las redes de contacto para nuestros futuros egresados con opciones laborales en las mismas empresas donde ya el titulado de Ingenier\u00eda Civil El\u00e9ctrica es conocido\u201d, puntualiz\u00f3.<\/p>\n\n\n\n<p>Finalmente, el acad\u00e9mico extendi\u00f3 un mensaje a aquellos estudiantes que buscan impactar en el \u00e1mbito cient\u00edfico-tecnol\u00f3gico. \u201cEl futuro es cambiante y se requiere de personas adoptadas o preparadas para el cambio, con conocimientos de actualidad, informados de las nuevas tecnolog\u00edas y conocimientos de punta en la especialidad, asimismo, de personas con un equilibrio entre las habilidades de especialidad y las llamadas habilidades blandas, que cada vez son m\u00e1s valoradas por la empresa\u201d.<\/p>\n\n\n\n<p>La actividad concluy\u00f3 con un acto simb\u00f3lico en el cual representantes de ambos centros junto a su Director de Escuela, firmaron un acuerdo de colaboraci\u00f3n.<\/p>\n\n\n\n<p><em>Te invitamos a conocer al equipo de trabajo:<\/em><\/p>\n\n\n\n<p><strong>Centro de Alumnos ICE UBB 2024<\/strong><\/p>\n\n\n\n<p>Directivas<\/p>\n\n\n\n<ul class=\"wp-block-list\">\n<li class=\"has-large-font-size\">Presidente: Martina Vivallos<\/li>\n\n\n\n<li class=\"has-large-font-size\">Vicepresidente: Claudio Mar\u00edn<\/li>\n\n\n\n<li class=\"has-large-font-size\">Representante de g\u00e9nero: Ana Jacqueline Ramos<\/li>\n\n\n\n<li class=\"has-large-font-size\">Secretario: Benjam\u00edn Salazar<\/li>\n\n\n\n<li class=\"has-large-font-size\">Tesorero: Lucas Fern\u00e1ndez<\/li>\n<\/ul>\n\n\n\n<p>Vocal\u00edas<\/p>\n\n\n\n<ul class=\"wp-block-list\">\n<li class=\"has-large-font-size\">Redes de contacto y gesti\u00f3n: Juan Hern\u00e1ndez<\/li>\n\n\n\n<li class=\"has-large-font-size\">Comunicaci\u00f3n y difusi\u00f3n: Mauricio Sanhueza<\/li>\n\n\n\n<li class=\"has-large-font-size\">Acad\u00e9mica y de proyectos: Martina Estay<\/li>\n\n\n\n<li class=\"has-large-font-size\">Deporte: Katherine Torres\u00a0<\/li>\n<\/ul>\n\n\n\n<p>Centro de Titulados ICE UBB 2024<\/p>\n\n\n\n<ul class=\"wp-block-list\">\n<li class=\"has-large-font-size\">Esteban Baeza<\/li>\n\n\n\n<li class=\"has-large-font-size\">Pablo Peillao<\/li>\n\n\n\n<li class=\"has-large-font-size\">Mat\u00edas Acevedo<\/li>\n\n\n\n<li class=\"has-large-font-size\">Diego Bravo<\/li>\n\n\n\n<li class=\"has-large-font-size\">Francisco Campos<\/li>\n\n\n\n<li class=\"has-large-font-size\">Daniela Bustos<\/li>\n<\/ul>\n","protected":false},"excerpt":{"rendered":"<p>Esta actividad organizada por la Escuela de Ingenier\u00eda Civil El\u00e9ctrica cont\u00f3 con la participaci\u00f3n de autoridades, acad\u00e9micos, egresados y actuales estudiantes de la casa de estudios. A fines de junio, en dependencias de la Facultad de Ingenier\u00eda de la Universidad del B\u00edo-B\u00edo, profesionales del Centros de Titulados y del Centro de Alumnos de la Escuela [&hellip;]<\/p>\n","protected":false},"author":3,"featured_media":143,"comment_status":"open","ping_status":"open","sticky":false,"template":"","format":"standard","meta":{"footnotes":""},"categories":[3,1],"tags":[],"class_list":["post-140","post","type-post","status-publish","format-standard","has-post-thumbnail","hentry","category-destacado","category-noticia"],"_links":{"self":[{"href":"http:\/\/practicas.fi.ubiobio.cl\/index.php\/wp-json\/wp\/v2\/posts\/140","targetHints":{"allow":["GET"]}}],"collection":[{"href":"http:\/\/practicas.fi.ubiobio.cl\/index.php\/wp-json\/wp\/v2\/posts"}],"about":[{"href":"http:\/\/practicas.fi.ubiobio.cl\/index.php\/wp-json\/wp\/v2\/types\/post"}],"author":[{"embeddable":true,"href":"http:\/\/practicas.fi.ubiobio.cl\/index.php\/wp-json\/wp\/v2\/users\/3"}],"replies":[{"embeddable":true,"href":"http:\/\/practicas.fi.ubiobio.cl\/index.php\/wp-json\/wp\/v2\/comments?post=140"}],"version-history":[{"count":1,"href":"http:\/\/practicas.fi.ubiobio.cl\/index.php\/wp-json\/wp\/v2\/posts\/140\/revisions"}],"predecessor-version":[{"id":144,"href":"http:\/\/practicas.fi.ubiobio.cl\/index.php\/wp-json\/wp\/v2\/posts\/140\/revisions\/144"}],"wp:featuredmedia":[{"embeddable":true,"href":"http:\/\/practicas.fi.ubiobio.cl\/index.php\/wp-json\/wp\/v2\/media\/143"}],"wp:attachment":[{"href":"http:\/\/practicas.fi.ubiobio.cl\/index.php\/wp-json\/wp\/v2\/media?parent=140"}],"wp:term":[{"taxonomy":"category","embeddable":true,"href":"http:\/\/practicas.fi.ubiobio.cl\/index.php\/wp-json\/wp\/v2\/categories?post=140"},{"taxonomy":"post_tag","embeddable":true,"href":"http:\/\/practicas.fi.ubiobio.cl\/index.php\/wp-json\/wp\/v2\/tags?post=140"}],"curies":[{"name":"wp","href":"https:\/\/api.w.org\/{rel}","templated":true}]}}